{"id":1504,"date":"2020-09-14T12:49:36","date_gmt":"2020-09-14T16:49:36","guid":{"rendered":"http:\/\/lematin.ca\/?p=1504"},"modified":"2020-09-14T12:49:36","modified_gmt":"2020-09-14T16:49:36","slug":"exposition-couleurs-du-monde-carte-blanche-a-laurent-gaude-prix-goncourt-2014","status":"publish","type":"post","link":"http:\/\/lematin.ca\/?p=1504","title":{"rendered":"Exposition\u00a0\u00ab Couleurs du monde\u00a0\u00bb\u00a0Carte blanche \u00e0 Laurent Gaud\u00e9\u00a0\u00ab\u00a0Prix Goncourt 2014\u00a0\u00bb"},"content":{"rendered":"<p style=\"text-align: left;\">\n<div dir=\"ltr\">\n<div dir=\"ltr\">\n<div>\n<p><strong>Exposition \u00ab Couleurs du monde \u00bb Carte blanche \u00e0 Laurent Gaud\u00e9 \u00ab Prix Goncourt 2014 \u00bb\u00a0\u00a0Du 15 septembre au 20 d\u00e9cembre 2020<\/strong><\/p>\n<\/div>\n<\/div>\n<\/div>\n<div dir=\"ltr\">\n<div dir=\"ltr\">\n<div>\n<p>Pour son premier rendez-vous culturel\u00a0de la rentr\u00e9e,\u00a0l\u2019Institut du monde arabe\u00a0(IMA)\u00a0\u00e0 Paris,\u00a0pr\u00e9sente l\u2019exposition<b> \u00ab COULEURS DU MONDE<\/b>\u00a0\u00bb qui offre \u00e0 d\u00e9couvrir une cinquantaine d\u2019\u0153uvres du XXe si\u00e8cle, issues de la collection du futur Mus\u00e9e d\u2019art moderne et contemporain de la Palestine et actuellement conserv\u00e9es \u00e0 l\u2019IMA. Cette collection s\u2019enrichit r\u00e9guli\u00e8rement gr\u00e2ce \u00e0 des dons importants.<\/p>\n<\/div>\n<\/div>\n<\/div>\n<div dir=\"ltr\">\n<div dir=\"ltr\">\n<div>\n<p>Cette troisi\u00e8me \u00e9dition,\u00a0donne carte blanche \u00e0 l\u2019\u00e9crivain Laurent Gaud\u00e9, \u00ab Prix Goncourt 2014 \u00bb, invit\u00e9 \u00e0 choisir les \u0153uvres pr\u00e9sent\u00e9es pour cette exposition, parmi les trois cent cinquante \u0153uvres d\u00e9j\u00e0 r\u00e9unies :<i> \u00ab C\u2019est un banquet de couleurs. Pour que le gris ne r\u00e8gne pas en ma\u00eetre. Pour \u00eatre aux c\u00f4t\u00e9s de la Palestine. Et prendre rendez-vous avec ce jour heureux, o\u00f9 toutes ces \u0153uvres d\u2019art, c\u00f4te \u00e0 c\u00f4te, peintures, photographies, sculptures du monde entier, constitueront un mus\u00e9e d\u2019amiti\u00e9 \u00bb<\/i>.<\/p>\n<\/div>\n<\/div>\n<\/div>\n<blockquote>\n<div dir=\"ltr\">\n<div dir=\"ltr\">\n<div>\n<p style=\"text-align: center;\"><em>V\u00e9ritable collection vivante, c\u2019est une rencontre qui vous fera plonger et d\u00e9couvrir l&rsquo;univers de la cr\u00e9ation contemporaine de ces cinquante derni\u00e8res ann\u00e9es, sous toutes ses formes, de l\u2019abstraction \u00e0 la th\u00e9orie, du mouvement \u00e0 la figuration narrative. Une magnifique exposition toute en couleurs et en histoire qui pr\u00e9sente la couleur dans toutes les acceptions de ce mot, de la palette au sentiment, de l\u2019engagement \u00e0 l\u2019\u00e9preuve.<\/em><\/p>\n<\/div>\n<\/div>\n<\/div>\n<\/blockquote>\n<div dir=\"ltr\">\n<div dir=\"ltr\">\n<div>\n<p>Que de belles choses \u00e0 d\u00e9couvrir dans cette troisi\u00e8me \u00e9dition.\u00a0Venez d\u00e9couvrir le plus important mus\u00e9e d\u2019art du monde arabe d\u2019Europe, un des plus beaux lieux d\u2019art de la capitale fran\u00e7aise. F. Guemiah.<\/p>\n<\/div>\n<\/div>\n<\/div>\n<div dir=\"ltr\">\n<div dir=\"ltr\">\n<div>\n<p><strong>Le <\/strong><b>Mus\u00e9e d\u2019art moderne et contemporain<\/b><\/p>\n<p>L\u2019\u00e9crivain et po\u00e8te, Elias Sanbar, ambassadeur de la Palestine aupr\u00e8s de l\u2019UNESCO est a \u00a0l\u2019initiative du projet. Jack Lang, Pr\u00e9sident de l\u2019IMA, s\u2019est engag\u00e9 aupr\u00e8s de lui en signant un partenariat visant \u00e0 la cr\u00e9ation d\u2019un Mus\u00e9e d\u2019art moderne et contemporain en Palestine. L\u2019Institut du monde arabe abrite depuis 2016 cette collection de <em>\u00ab solidarit\u00e9 \u00bb<\/em>. V\u00e9ritable collection vivante, elle fait l\u2019objet de multiples accrochages.<\/p>\n<\/div>\n<\/div>\n<\/div>\n<div dir=\"ltr\">\n<div dir=\"ltr\">\n<div>\n<h3>Collection du Mus\u00e9e d\u2019art moderne et contemporain avec les \u0153uvres de\u00a0:<\/h3>\n<\/div>\n<\/div>\n<\/div>\n<blockquote>\n<div dir=\"ltr\">\n<div dir=\"ltr\">\n<div>\n<p style=\"text-align: center;\"><em>Hamed Abdalla, Luis Carlos Acevedo, Jeff Aerosol, G\u00e9rard Alary, Pat Andrea, Pierre Antoniucci, Aramis, Ashley Ashford Brown, Patrick Bailly-Ma\u00eetre-Grand, Edmond Baudoin, Fran\u00e7ois Bidaud, Guy Bigot, Enki Bilal, Fran\u00e7ois Boisrond, Gwenha\u00ebl Bor\u00e9, Jacques Bosser, Serge Bou\u00e9-Kovacs, Nabil Boutros, Muriel Bren\u00e9, Mark Brusse, Marie-Claude Bugeaud, Pierre Buraglio, Louis Cane, Henri Cartier-Bresson, Christian C215, John Christoforou, Bruce Clarke, Robert Combas, Alexis Cordesse, Guillaume Corneille, Roger Cosme Est\u00e8ve, Leonardo Cremonini, Henri Cueco, Marinette Cueco, Pierre-Marc De Biasi, Gilles Delmas, Laurence Demaison, Arman Deriaz, Herv\u00e9 Di Rosa, Robert Doisneau, No\u00ebl Dolla, Joss Dray, Jacques Emeriau, Err\u00f3, Nausicaa Favart-Amouroux, Jean-Paul Ferblantier, Rini Ferhi, Jacques Ferrandez, Bruno Fert, Anne-Marie Filaire, Marit Fosse, Alain Fraggi, Martine Franck, Franta, G\u00e9rard Fromanger, Beatriz Garrigo, Roger Guerrant, Nicolas Guilbert, Christian Jaccard, Miroslav Konrad, Rachid Kora\u00efchi, Titouan Lamazou, Robert Lapoujade, Jean Le Gac, Julio Le Parc, Lionel Le Scornec, Bengt Lindstr\u00f6m, Jean Lloveras, Patrick Lombard, In\u00e8s Lopez-Sanchez Math\u00e9ly, Patrick Loste, Ph\u00e9lix Ludop, Ivan Messac, Claude Mollard, David Muguercia, Ahmad Nawash, Alain-Marie Parmentier, Jean-Luc Pellerin, Chantal Petit, Serge Pey, Ernest Pignon Ernest, Poncaral, Robert Scemla, Antonio Segu\u00ed, Doroth\u00e9e Seltz, Didier Stephant, Jacques Tardi, Herv\u00e9 T\u00e9l\u00e9maque, Olivier Th\u00e9baud, Andr\u00e9 Th\u00e9val, Robert To, Barth\u00e9l\u00e9my Toguo, Marc Trivier, Lehel Urmenyi-Hamar, V\u00e9ronique Van Eetvelde, Christov Varban, Jo Vargas, Vladimir Velickovic, Claude Viallat, Oswaldo Vigas, G\u00e9rard Voisin, Jan Voss, M\u00e2khi Xenakis, Ahmad Zohbi, Hani Zurob<\/em>.<\/p>\n<p align=\"left\"><strong>Institut du monde arabe<\/strong><\/p>\n<\/div>\n<\/div>\n<\/div>\n<\/blockquote>\n<blockquote>\n<div dir=\"ltr\">\n<div dir=\"ltr\">\n<ul>\n<li>1, rue des Foss\u00e9s-Saint-Bernard<\/li>\n<li>Place Mohammed-V,<\/li>\n<li>75005 Paris<\/li>\n<\/ul>\n<hr \/>\n<p style=\"text-align: center;\"><img loading=\"lazy\" class=\"size-medium wp-image-1506 aligncenter\" src=\"http:\/\/lematin.ca\/wp-content\/uploads\/2020\/09\/VF-Expo-Couleurs-du-Monde-IMA-227x300.jpg\" alt=\"\" width=\"227\" height=\"300\" srcset=\"http:\/\/lematin.ca\/wp-content\/uploads\/2020\/09\/VF-Expo-Couleurs-du-Monde-IMA-227x300.jpg 227w, http:\/\/lematin.ca\/wp-content\/uploads\/2020\/09\/VF-Expo-Couleurs-du-Monde-IMA.jpg 325w\" sizes=\"(max-width: 227px) 100vw, 227px\" \/><\/p>\n<\/div>\n<\/div>\n<\/blockquote>\n","protected":false},"excerpt":{"rendered":"<p>Exposition \u00ab Couleurs du monde \u00bb Carte blanche \u00e0 Laurent Gaud\u00e9 \u00ab Prix Goncourt 2014 \u00bb\u00a0\u00a0Du 15 septembre au 20 d\u00e9cembre 2020 Pour son premier rendez-vous culturel\u00a0de la rentr\u00e9e,\u00a0l\u2019Institut du monde arabe\u00a0(IMA)\u00a0\u00e0 Paris,\u00a0pr\u00e9sente l\u2019exposition \u00ab COULEURS DU MONDE\u00a0\u00bb qui offre \u00e0 d\u00e9couvrir une cinquantaine d\u2019\u0153uvres du XXe si\u00e8cle, issues de la collection du futur Mus\u00e9e d\u2019art moderne et contemporain de la Palestine et actuellement conserv\u00e9es \u00e0 l\u2019IMA. Cette collection s\u2019enrichit r\u00e9guli\u00e8rement gr\u00e2ce \u00e0 des dons importants. Cette troisi\u00e8me \u00e9dition,\u00a0donne carte blanche \u00e0 l\u2019\u00e9crivain Laurent Gaud\u00e9, \u00ab Prix Goncourt 2014 \u00bb,&#8230; <\/p>\n","protected":false},"author":1,"featured_media":1505,"comment_status":"closed","ping_status":"closed","sticky":false,"template":"","format":"standard","meta":[],"categories":[4,7],"tags":[2732,2731,2728,2730,2729],"_links":{"self":[{"href":"http:\/\/lematin.ca\/index.php?rest_route=\/wp\/v2\/posts\/1504"}],"collection":[{"href":"http:\/\/lematin.ca\/index.php?rest_route=\/wp\/v2\/posts"}],"about":[{"href":"http:\/\/lematin.ca\/index.php?rest_route=\/wp\/v2\/types\/post"}],"author":[{"embeddable":true,"href":"http:\/\/lematin.ca\/index.php?rest_route=\/wp\/v2\/users\/1"}],"replies":[{"embeddable":true,"href":"http:\/\/lematin.ca\/index.php?rest_route=%2Fwp%2Fv2%2Fcomments&post=1504"}],"version-history":[{"count":1,"href":"http:\/\/lematin.ca\/index.php?rest_route=\/wp\/v2\/posts\/1504\/revisions"}],"predecessor-version":[{"id":1507,"href":"http:\/\/lematin.ca\/index.php?rest_route=\/wp\/v2\/posts\/1504\/revisions\/1507"}],"wp:featuredmedia":[{"embeddable":true,"href":"http:\/\/lematin.ca\/index.php?rest_route=\/wp\/v2\/media\/1505"}],"wp:attachment":[{"href":"http:\/\/lematin.ca\/index.php?rest_route=%2Fwp%2Fv2%2Fmedia&parent=1504"}],"wp:term":[{"taxonomy":"category","embeddable":true,"href":"http:\/\/lematin.ca\/index.php?rest_route=%2Fwp%2Fv2%2Fcategories&post=1504"},{"taxonomy":"post_tag","embeddable":true,"href":"http:\/\/lematin.ca\/index.php?rest_route=%2Fwp%2Fv2%2Ftags&post=1504"}],"curies":[{"name":"wp","href":"https:\/\/api.w.org\/{rel}","templated":true}]}}