{"id":1531,"date":"2020-09-23T14:04:37","date_gmt":"2020-09-23T18:04:37","guid":{"rendered":"http:\/\/lematin.ca\/?p=1531"},"modified":"2020-09-24T02:11:39","modified_gmt":"2020-09-24T06:11:39","slug":"paris-beyrouth-24h-pour-le-liban-programmation-exceptionnelle-dans-un-week-end-a-linstitut-du-m-a","status":"publish","type":"post","link":"http:\/\/lematin.ca\/?p=1531","title":{"rendered":"\u00abParis-Beyrouth, 24H pour le Liban\u00bb, programmation exceptionnelle dans un week-end \u00e0 l&rsquo;Institut du M-A"},"content":{"rendered":"<p style=\"font-weight: 400; text-align: left;\"><span style=\"color: #000000;\"><strong>\u00abParis-Beyrouth, 24 heures pour le Liban\u00bb, programmation exceptionnelle dans un week-end \u00e0 l&rsquo;Institut du monde arabe 25\/26\/09\/20<\/strong><\/span><\/p>\n<p style=\"font-weight: 400; text-align: left;\"><span style=\"color: #000000;\">Deux mois apr\u00e8s l\u2019explosion tragique survenue \u00e0 Beyrouth, le 4 ao\u00fbt 2020, en solidarit\u00e9 avec le Liban et pour continuer \u00e0 mobiliser l\u2019opinion fran\u00e7aise et internationale, \u00e0 l\u2019initiative de Jack Lang, l\u2019Institut du monde arabe et France Culture s\u2019associent et organisent avec Wajdi Mouawad,<\/span><\/p>\n<p style=\"font-weight: 400; text-align: left;\"><span style=\"color: #000000;\">Directeur du \u00ab\u00a0Th\u00e9\u00e2tre de La Colline\u00a0\u00bb et le lieu alternatif \u00ab\u00a0Station Beirut\u00a0\u00bb situ\u00e9 dans la capitale libanaise : \u00ab Paris-Beyrouth, 24 heures pour le Liban \u00bb, une programmation exceptionnelle dans un week-end unique de mobilisation et d\u2019espoir.<\/span><\/p>\n<p style=\"font-weight: 400; text-align: left;\"><span style=\"color: #000000;\">En duplex avec Beyrouth, en direct ou en vid\u00e9o sur un \u00e9cran g\u00e9ant, pendant deux jours, artistes, intellectuels, libanais et amis du Liban se succ\u00e9deront, sur la sc\u00e8ne, pour r\u00e9pondre \u00e0 ce drame v\u00e9cu par le peuple libanais\u00a0\u00a0\u00a0par l\u2019art, la culture, la po\u00e9sie et la musique. Les recettes de ce grand \u00e9v\u00e8nement\u00a0\u00a0\u00a0seront int\u00e9gralement revers\u00e9es \u00e0 \u00ab AFAC\/Mawred Solidarity Fund of Lebanon \u00bb et \u00e0 \u00ab STATION Beirut \u00bb, qui soutiennent plusieurs associations d\u2019artistes au Liban.\u00a0 F.Guemiah<\/span><\/p>\n<p style=\"text-align: center;\"><img loading=\"lazy\" class=\"size-medium wp-image-1533 aligncenter\" src=\"http:\/\/lematin.ca\/wp-content\/uploads\/2020\/09\/Affiche-Ima-Liban-Parisien-252x300.jpg\" alt=\"\" width=\"252\" height=\"300\" srcset=\"http:\/\/lematin.ca\/wp-content\/uploads\/2020\/09\/Affiche-Ima-Liban-Parisien-252x300.jpg 252w, http:\/\/lematin.ca\/wp-content\/uploads\/2020\/09\/Affiche-Ima-Liban-Parisien.jpg 325w\" sizes=\"(max-width: 252px) 100vw, 252px\" \/><\/p>\n<p style=\"font-weight: 400; text-align: left;\"><strong><span style=\"color: #000000;\">Programme<\/span><\/strong><\/p>\n<blockquote>\n<p style=\"font-weight: 400; text-align: center;\"><strong><span style=\"color: #000000;\">\u00ab Paris \u2013 Beyrouth, 24H pour le Liban \u00bb<\/span><\/strong><\/p>\n<\/blockquote>\n<p style=\"font-weight: 400; text-align: left;\"><span style=\"color: #000000;\">Vendredi 25 septembre de 19h30 \u00e0 Minuit |<strong>24H pour le Liban, 1<\/strong><strong><sup>re<\/sup><\/strong><strong>\u00a0partie<\/strong><\/span><\/p>\n<p style=\"font-weight: 400; text-align: left;\"><span style=\"color: #000000;\"><strong>A Paris\u00a0:<\/strong>\u00a0Avec Jack Lang, Wajdi Mouawad, Issam Krimi, Cam\u00e9lia Jordana, Bachar Mar Khalif\u00e9 et Sari Khalif\u00e9, Zeina Abirached, Zeid Hamdan, Marc Codsi, Charif Megarbane, Naji El Mir, Michelle et Noel Keserwany, Aude Nasr, Ziad Antar, Joanna Hadjithomas et Khalil Joreige, Sirine Fattouh, Ziad Majed, Nour Kilzi , Ely Dagher, Tarek Yamani, Issa Hassan, Joseph Ghosn, Michel Wisniewski,Toufic Farroukh, Marc Buronfosse, Charles Kieny, Paco Andreo, Zeid Hamdan, Emel Mathlouthi, Lynn Adib, Charif Megarbane,Youmna Saba, Layale Chaker, Joseph Kai, Cyril Mokaiesh, Valentin Montu, Radhouane El Meddeb avec Dala Eido et Nour Sassine, Nadim Bahsoun, Dalia Naous, Michelle et Noel Keserwany, Aude Nasr, Youmna Geday, \u00a0Antoine Atallah, Mohamad Abdouni, Tarek Yamani,\u00a0 Charbel Haber, Fady Tabbal, Wajdi Mouawad..<\/span><\/p>\n<p style=\"font-weight: 400; text-align: left;\"><span style=\"color: #000000;\"><strong>Et \u00e0 Beyrouth<\/strong>\u00a0: Nabil Canaan, Rima Mismar, Adonis, Jazzmine Bey, Aziza, Chyno, Gurumiran, Frida Chehlaoui, Grave Jones, Sima Itayim \u2026<strong>\u00a0<\/strong><\/span><\/p>\n<p style=\"font-weight: 400; text-align: left;\"><span style=\"color: #000000;\">Samedi 26 septembre de 19h30 \u00e0 minuit |<strong>24H pour le Liban, 2<\/strong><strong><sup>e<\/sup><\/strong><strong>\u00a0partie<\/strong><\/span><\/p>\n<p style=\"font-weight: 400; text-align: left;\"><span style=\"color: #000000;\">Avec Toufic Farroukh, Marc Buronfosse, Charles Kieny, Paco Andreo, Zeid Hamdan, Emel Mathlouthi, Lynn Adib, Charif Megarbane,Youmna Saba, Layale Chaker, Joseph Kai, Cyril Mokaiesh, Valentin Montu, Radhouane El Meddeb avec Dala Eido et Nour Sassine, Nadim Bahsoun, Dalia Naous, Michelle et Noel Keserwany, Aude Nasr, Youmna Geday, \u00a0Antoine Atallah, Mohamad Abdouni, Tarek Yamani,\u00a0 Charbel Haber, Fady Tabbal, Wajdi Mouawad.<\/span><\/p>\n<p style=\"font-weight: 400; text-align: left;\"><span style=\"color: #000000;\"><strong>Et \u00e0 Beyrouth<\/strong>\u00a0: Gurumiran, Frida Chehlaoui, Grave Jones, Sima Itayim \u2026<\/span><\/p>\n<p style=\"font-weight: 400; text-align: left;\"><span style=\"color: #000000;\">D\u00e8s le 25 septembre \u00e0 18h,\u00a0<strong>France Culture\u00a0<\/strong>inaugure un week-end d\u2019antenne qui se d\u00e9roulera jusqu\u2019\u00e0 la fin de la journ\u00e9e du 27 septembre. Emissions, magazines, d\u00e9bats, interviews et documentaires seront d\u00e9di\u00e9s \u00e0 la situation libanaise pr\u00e8s de deux mois apr\u00e8s la catastrophe. Parole sera donn\u00e9e \u00e0 l\u2019analyse politique et g\u00e9opolitique mais aussi aux romanciers, journalistes, historiens.\u00a0Une programmation rythm\u00e9e par les musiciens et chanteurs libanais.<\/span><\/p>\n<p style=\"font-weight: 400; text-align: left;\"><em><span style=\"color: #000000;\">Apportez votre coussin\u00a0ou chaise pour vous asseoir\u00a0!<\/span><\/em><\/p>\n<p style=\"font-weight: 400; text-align: left;\"><span style=\"color: #000000;\"><a style=\"color: #000000;\" href=\"https:\/\/www.imarabe.org\/fr\/evenement-exceptionnel\/paris-beyrouth-24h-pour-le-liban\" data-saferedirecturl=\"https:\/\/www.google.com\/url?q=https:\/\/www.imarabe.org\/fr\/evenement-exceptionnel\/paris-beyrouth-24h-pour-le-liban&amp;source=gmail&amp;ust=1600967243358000&amp;usg=AFQjCNHxnfnDcDTWBfTWqg1ld8oRkT3Z5w\">https:\/\/www.imarabe.org\/fr\/evenement-exceptionnel\/paris-beyrouth-24h-pour-le-liban<\/a><\/span><\/p>\n","protected":false},"excerpt":{"rendered":"<p>\u00abParis-Beyrouth, 24 heures pour le Liban\u00bb, programmation exceptionnelle dans un week-end \u00e0 l&rsquo;Institut du monde arabe 25\/26\/09\/20 Deux mois apr\u00e8s l\u2019explosion tragique survenue \u00e0 Beyrouth, le 4 ao\u00fbt 2020, en solidarit\u00e9 avec le Liban et pour continuer \u00e0 mobiliser l\u2019opinion fran\u00e7aise et internationale, \u00e0 l\u2019initiative de Jack Lang, l\u2019Institut du monde arabe et France Culture s\u2019associent et organisent avec Wajdi Mouawad, Directeur du \u00ab\u00a0Th\u00e9\u00e2tre de La Colline\u00a0\u00bb et le lieu alternatif \u00ab\u00a0Station Beirut\u00a0\u00bb situ\u00e9 dans la capitale libanaise : \u00ab Paris-Beyrouth, 24 heures pour le Liban \u00bb, une programmation exceptionnelle&#8230; <\/p>\n","protected":false},"author":1,"featured_media":1532,"comment_status":"closed","ping_status":"closed","sticky":false,"template":"","format":"standard","meta":[],"categories":[7,10],"tags":[84,2749,463,533,590,2748],"_links":{"self":[{"href":"http:\/\/lematin.ca\/index.php?rest_route=\/wp\/v2\/posts\/1531"}],"collection":[{"href":"http:\/\/lematin.ca\/index.php?rest_route=\/wp\/v2\/posts"}],"about":[{"href":"http:\/\/lematin.ca\/index.php?rest_route=\/wp\/v2\/types\/post"}],"author":[{"embeddable":true,"href":"http:\/\/lematin.ca\/index.php?rest_route=\/wp\/v2\/users\/1"}],"replies":[{"embeddable":true,"href":"http:\/\/lematin.ca\/index.php?rest_route=%2Fwp%2Fv2%2Fcomments&post=1531"}],"version-history":[{"count":1,"href":"http:\/\/lematin.ca\/index.php?rest_route=\/wp\/v2\/posts\/1531\/revisions"}],"predecessor-version":[{"id":1534,"href":"http:\/\/lematin.ca\/index.php?rest_route=\/wp\/v2\/posts\/1531\/revisions\/1534"}],"wp:featuredmedia":[{"embeddable":true,"href":"http:\/\/lematin.ca\/index.php?rest_route=\/wp\/v2\/media\/1532"}],"wp:attachment":[{"href":"http:\/\/lematin.ca\/index.php?rest_route=%2Fwp%2Fv2%2Fmedia&parent=1531"}],"wp:term":[{"taxonomy":"category","embeddable":true,"href":"http:\/\/lematin.ca\/index.php?rest_route=%2Fwp%2Fv2%2Fcategories&post=1531"},{"taxonomy":"post_tag","embeddable":true,"href":"http:\/\/lematin.ca\/index.php?rest_route=%2Fwp%2Fv2%2Ftags&post=1531"}],"curies":[{"name":"wp","href":"https:\/\/api.w.org\/{rel}","templated":true}]}}