{"id":1815,"date":"2021-01-19T07:27:34","date_gmt":"2021-01-19T12:27:34","guid":{"rendered":"http:\/\/lematin.ca\/?p=1815"},"modified":"2021-01-19T07:27:34","modified_gmt":"2021-01-19T12:27:34","slug":"antonio-guterres-ancien-pm-portugais-et-secretaire-general-des-un-brigue-un-second-mandat-de-5-ans","status":"publish","type":"post","link":"http:\/\/lematin.ca\/?p=1815","title":{"rendered":"Ant\u00f3nio Guterres, ancien PM Portugais et Secr\u00e9taire g\u00e9n\u00e9ral des UN [&#8230;] brigue un second mandat de 5 ans"},"content":{"rendered":"<p style=\"text-align: left;\"><strong><span style=\"color: #000000;\">Ant\u00f3nio Guterres, ancien Premier Ministre Portugais et Secr\u00e9taire g\u00e9n\u00e9ral des Nations unies depuis janvier 2017<\/span><\/strong><\/p>\n<ul>\n<li style=\"text-align: left;\"><strong><span style=\"color: #000000;\">Brigue un second mandat de cinq ans, \u00e0 compter du 1er janvier 2022<\/span><\/strong><\/li>\n<\/ul>\n<p style=\"text-align: left;\"><span style=\"color: #000000;\">Le 10 janvier, St\u00e9phane Dujarric, le porte-parole du Secr\u00e9taire g\u00e9n\u00e9ral de l&rsquo;ONU a annonc\u00e9 lors de son point de presse que Ant\u00f3nio Guterres briguait un second mandat et qu\u2019il avait notifi\u00e9 ses intentions par lettre, \u00e0 Volkan Bozkir, Pr\u00e9sident de l\u2019Assembl\u00e9e g\u00e9n\u00e9ral, et \u00e0 Tarek Ladeb, repr\u00e9sentant permanent de la Tunisie et Pr\u00e9sident du Conseil de s\u00e9curit\u00e9 pour le mois de Janvier. Il aurait \u00e9galement fait part de ses intentions aux responsables des groupes r\u00e9gionaux et politiques.<\/span><\/p>\n<p style=\"text-align: left;\"><span style=\"color: #000000;\">Les cinq membres permanents du Conseil &#8211; la Chine, les \u00c9tats Unis, la France, la Grande-Bretagne et la Russie &#8211; devraient faire conna\u00eetre leur choix au cours des prochains mois. Cependant, il n&rsquo;y a aucune date limite pour ce qui concerne la d\u00e9cision laquelle doit \u00eatre approuv\u00e9e par la suite, par les 193 pays membres de l&rsquo;Assembl\u00e9e g\u00e9n\u00e9rale.<\/span><\/p>\n<p style=\"text-align: left;\"><span style=\"color: #000000;\">Un nouveau processus de s\u00e9lection du Secr\u00e9taire g\u00e9n\u00e9ral a \u00e9t\u00e9 d\u00e9fini dans une r\u00e9solution de l&rsquo;Assembl\u00e9e g\u00e9n\u00e9rale de 2015, sous l&rsquo;impulsion de la soci\u00e9t\u00e9 civile et d&rsquo;une coalition d&rsquo;\u00c9tats membres des Nations unies qui r\u00e9clamaient plus de transparence dans le processus de s\u00e9lection de 2016 auquel participaient sept femmes et six hommes. Ult\u00e9rieurement, la s\u00e9lection d&rsquo;un Secr\u00e9taire g\u00e9n\u00e9ral se faisait dans le plus grand secret. N\u00e9anmoins, en d\u00e9pit d\u2019une plus grande ouverture par le biais de dialogues publics et d&rsquo;une s\u00e9rie de sondages d&rsquo;opinion au sein du Conseil, il semblerait qu\u2019en 2016, la France, les \u00c9tats-Unis et la Russie aient \u00e9t\u00e9 les principaux d\u00e9cideurs dans le choix final d\u2019Ant\u00f3nio Guterres.<\/span><\/p>\n<p style=\"text-align: left;\"><span style=\"color: #000000;\">Bien qu\u2019il ait refus\u00e9 jusqu\u2019alors de r\u00e9v\u00e9ler ses intentions, sa candidature pour un second mandat n\u2019\u00e9tait vraiment inattendue, surtout depuis que Joe Biden a \u00e9t\u00e9 \u00e9lu \u00e0 la pr\u00e9sidence des \u00c9tats Unis. Guterres avait laiss\u00e9 entendre \u00e0 plusieurs reprises que si Trump \u00e9tait r\u00e9\u00e9lu, il ne ferait pas un autre mandat, ce qui lui avait valu un rappel \u00e0 l\u2019ordre de la repr\u00e9sentante am\u00e9ricaine qui en avait eu connaissance. Actuellement, aucun concurrent s\u00e9rieux n\u2019\u00e9merge pour le poste d\u2019autant plus qu\u2019Ant\u00f3nio Guterres a fait pratiquement un parcours sans faute: il n&rsquo;a pas contredit les \u00c9tats-Unis ni aucun des autres membres permanents, notamment sur la plupart des questions politiques. Il s\u2019est abstenu de prendre position sur des questions de droits de l\u2019homme, probablement pour ne pas froisser la Chine, grand argentier de l\u2019Onu ? Ce que lui ont reproch\u00e9 de nombreuses organisations humanitaires.<\/span><\/p>\n<p style=\"text-align: left;\"><span style=\"color: #000000;\">Human Rights Watch a r\u00e9agi \u00e0 la nouvelle en d\u00e9clarant\u00a0: \u00ab\u00a0S&rsquo;il est confirm\u00e9, il ne devrait pas recevoir un nouveau mandat sur un plateau d&rsquo;argent. Le processus devrait inclure plusieurs candidats qui pr\u00e9sentent tous publiquement des plans concrets pour am\u00e9liorer l&rsquo;ONU, y compris sur la mani\u00e8re de renforcer les droits de l&rsquo;homme \u00e0 un moment o\u00f9 certains gouvernements travaillent activement \u00e0 le miner. Les performances de Ant\u00f3nio Guterres en mati\u00e8re de droits de l&rsquo;homme au cours des quatre derni\u00e8res ann\u00e9es ont \u00e9t\u00e9 mitig\u00e9es, largement caract\u00e9ris\u00e9es par une r\u00e9ticence \u00e0 critiquer publiquement et nomm\u00e9ment les gouvernements qui violent les droits de l&rsquo;homme et une pr\u00e9f\u00e9rence pour la diplomatie \u00e0 huis clos\u00a0\u00bb.<\/span><\/p>\n<p style=\"text-align: left;\"><span style=\"color: #000000;\">Les relations avec Joe Biden, le successeur de Trump, connu pour \u00eatre un internationaliste devraient \u00eatre plus faciles, d\u2019autant que ce dernier a annonc\u00e9 qu&rsquo;il allait comptait r\u00e9int\u00e9grer les \u00c9tats-Unis au sein des accords et des agences internationales dont Trump s&rsquo;est retir\u00e9 ou qu&rsquo;il a critiqu\u00e9 \u00e0 plusieurs reprises.<\/span><\/p>\n<p style=\"text-align: left;\"><span style=\"color: #000000;\">Dans sa lettre adress\u00e9e au pr\u00e9sident de l\u2019AG et aux membres du Conseil, Guterres \u00e9crit: \u00ab\u00a0depuis mon entr\u00e9e en fonction, j&rsquo;ai eu le privil\u00e8ge de travailler \u00e0 la r\u00e9forme des Nations Unies, afin de r\u00e9pondre aux aspirations des \u00c9tats membres, en luttant pour la dignit\u00e9 et le bien-\u00eatre des personnes, tout en assurant la durabilit\u00e9 de notre plan\u00e8te pour les g\u00e9n\u00e9rations futures.\u00bb<\/span><\/p>\n<p style=\"text-align: left;\"><span style=\"color: #000000;\">La r\u00e9solution 69\/321 de l&rsquo;Assembl\u00e9e g\u00e9n\u00e9rale demande aux pr\u00e9sidents de l&rsquo;Assembl\u00e9e g\u00e9n\u00e9rale et du Conseil de s\u00e9curit\u00e9 de \u00ab\u00a0lancer le processus de sollicitation de candidats au poste de Secr\u00e9taire g\u00e9n\u00e9ral par une lettre commune adress\u00e9e \u00e0 tous les \u00c9tats membres\u00a0\u00bb. En octobre 2016, avant que Ant\u00f3nio Guterres ne soit choisi pour succ\u00e9der \u00e0 Ban Ki-moon, de nombreuses organisations de la soci\u00e9t\u00e9 civile faisaient compagne pour qu&rsquo;une femme soit choisie comme Secr\u00e9taire g\u00e9n\u00e9rale. Aujourd\u2019hui, une telle campagne n&rsquo;a pas encore vue le jour, bien que les organisations de femmes restent actives sur la question.<\/span><\/p>\n<ul>\n<li style=\"text-align: left;\"><span style=\"color: #000000;\">Celhia de Lavarene<\/span><\/li>\n<li style=\"text-align: left;\"><span style=\"color: #000000;\">Janvier 2021<\/span><\/li>\n<\/ul>\n<p>&nbsp;<\/p>\n","protected":false},"excerpt":{"rendered":"<p>Ant\u00f3nio Guterres, ancien Premier Ministre Portugais et Secr\u00e9taire g\u00e9n\u00e9ral des Nations unies depuis janvier 2017 Brigue un second mandat de cinq ans, \u00e0 compter du 1er janvier 2022 Le 10 janvier, St\u00e9phane Dujarric, le porte-parole du Secr\u00e9taire g\u00e9n\u00e9ral de l&rsquo;ONU a annonc\u00e9 lors de son point de presse que Ant\u00f3nio Guterres briguait un second mandat et qu\u2019il avait notifi\u00e9 ses intentions par lettre, \u00e0 Volkan Bozkir, Pr\u00e9sident de l\u2019Assembl\u00e9e g\u00e9n\u00e9ral, et \u00e0 Tarek Ladeb, repr\u00e9sentant permanent de la Tunisie et Pr\u00e9sident du Conseil de s\u00e9curit\u00e9 pour le mois de Janvier&#8230;. <\/p>\n","protected":false},"author":1,"featured_media":1816,"comment_status":"closed","ping_status":"closed","sticky":false,"template":"","format":"standard","meta":[],"categories":[7,9,2174,22,791],"tags":[2894,2897,2270,171,2895,2404,580,2896,756],"_links":{"self":[{"href":"http:\/\/lematin.ca\/index.php?rest_route=\/wp\/v2\/posts\/1815"}],"collection":[{"href":"http:\/\/lematin.ca\/index.php?rest_route=\/wp\/v2\/posts"}],"about":[{"href":"http:\/\/lematin.ca\/index.php?rest_route=\/wp\/v2\/types\/post"}],"author":[{"embeddable":true,"href":"http:\/\/lematin.ca\/index.php?rest_route=\/wp\/v2\/users\/1"}],"replies":[{"embeddable":true,"href":"http:\/\/lematin.ca\/index.php?rest_route=%2Fwp%2Fv2%2Fcomments&post=1815"}],"version-history":[{"count":2,"href":"http:\/\/lematin.ca\/index.php?rest_route=\/wp\/v2\/posts\/1815\/revisions"}],"predecessor-version":[{"id":1818,"href":"http:\/\/lematin.ca\/index.php?rest_route=\/wp\/v2\/posts\/1815\/revisions\/1818"}],"wp:featuredmedia":[{"embeddable":true,"href":"http:\/\/lematin.ca\/index.php?rest_route=\/wp\/v2\/media\/1816"}],"wp:attachment":[{"href":"http:\/\/lematin.ca\/index.php?rest_route=%2Fwp%2Fv2%2Fmedia&parent=1815"}],"wp:term":[{"taxonomy":"category","embeddable":true,"href":"http:\/\/lematin.ca\/index.php?rest_route=%2Fwp%2Fv2%2Fcategories&post=1815"},{"taxonomy":"post_tag","embeddable":true,"href":"http:\/\/lematin.ca\/index.php?rest_route=%2Fwp%2Fv2%2Ftags&post=1815"}],"curies":[{"name":"wp","href":"https:\/\/api.w.org\/{rel}","templated":true}]}}