{"id":1822,"date":"2021-02-04T17:10:05","date_gmt":"2021-02-04T22:10:05","guid":{"rendered":"http:\/\/lematin.ca\/?p=1822"},"modified":"2021-02-04T17:10:05","modified_gmt":"2021-02-04T22:10:05","slug":"lettre-ouverte-au-president-de-la-republique-par-himmler-rebu","status":"publish","type":"post","link":"http:\/\/lematin.ca\/?p=1822","title":{"rendered":"LETTRE OUVERTE AU PR\u00c9SIDENT DE LA R\u00c9PUBLIQUE\u00a0par Himmler R\u00e9bu"},"content":{"rendered":"<p style=\"text-align: left;\"><span style=\"color: #000000;\"><strong>LETTRE OUVERTE AU PR\u00c9SIDENT DE LA R\u00c9PUBLIQUE\u00a0<\/strong><em>par Himmler R\u00e9bu<\/em><\/span><\/p>\n<ul style=\"text-align: left;\">\n<li><span style=\"color: #000000;\"><strong>\u00c0 CERTAINS CITOYENS<\/strong><\/span><\/li>\n<li><span style=\"color: #000000;\"><strong>AUX FORCES : MORALES SOCIALES ET DES POUVOIRS D&rsquo;\u00c9TAT<\/strong><\/span><\/li>\n<\/ul>\n<p style=\"text-align: left;\"><span style=\"color: #000000;\"><em>Monsieur le Pr\u00e9sident,<\/em><\/span><\/p>\n<p style=\"text-align: left;\"><span style=\"color: #000000;\">Je m&rsquo;adresse \u00e0 vous aujourd&rsquo;hui en tant qu&rsquo;\u00eatre humain et en tant qu&rsquo;officier sup\u00e9rieur de l&rsquo;arm\u00e9e pr\u00e9par\u00e9 et entra\u00een\u00e9 \u00e0 l&rsquo;\u00e9valuation de situations.\u00a0De gr\u00e2ce, revenez sur terre et faites, pour une fois, votre devoir de Pr\u00e9sident : prot\u00e9ger vos citoyens !\u00a0Vous avez err\u00e9 monsieur le Pr\u00e9sident et, toutes les voix, \u00e0 part celles qui croient avoir int\u00e9r\u00eat dans le chaos qui s&rsquo;annonce, vous l&rsquo;ont mille fois d\u00e9montr\u00e9.<\/span><\/p>\n<p style=\"text-align: left;\"><span style=\"color: #000000;\">Si pour vous 2017 plus 5 \u00e9gal 2022, pour les S\u00e9nateurs 2017 plus 6 aurait d\u00fb \u00eatre \u00e9gal \u00e0 2023. Le raisonnement est simple; vos motivations sont donc ailleurs.<\/span><\/p>\n<p style=\"text-align: left;\"><span style=\"color: #000000;\">Vous semblez \u00e9valuer la situation \u00e0 l&rsquo;aune de ce que vous croyez \u00eatre la faiblesse de l&rsquo;opposition. Pourtant vous l&rsquo;avez vous-m\u00eame r\u00e9p\u00e9t\u00e9 le petit mot magique: Peuplement ! Voil\u00e0 la cl\u00e9 de vo\u00fbte et celle de tout ce dont vous et vos supporters en serez coupables. Il ne se passera rien, ou presque, avant le lundi 8 f\u00e9vrier 2021. Ce jour l\u00e0, si on a l&rsquo;inconscience de le laisser arriver sans rien faire, sera pire que le tremblement de terre de 2010. Je vous le dis \u00e0 vous, mais aussi \u00e0 ces citoyennes et \u00e0 ces citoyens-l\u00e0 qui semblent vouloir partager votre sort. Ils ont des noms et, je crois, aussi de la famille.<\/span><\/p>\n<p style=\"text-align: left;\"><span style=\"color: #000000;\">\u00c0 part vos conseillers, l&rsquo;ancien d\u00e9put\u00e9 Jude Charles Faustin, secr\u00e9taire g\u00e9n\u00e9ral de la primature a pris la parole \u00e0 Matin D\u00e9bats ce mercredi 3 f\u00e9vrier pour d\u00e9fendre votre th\u00e8se. Aux yeux de la nation sa parole est celle du Premier Ministre Jouthe Joseph donc\u00a0 celle de tous les ministres et Secr\u00e9taires d&rsquo;\u00c9tat qui lui sont solidaires.<\/span><\/p>\n<p style=\"text-align: left;\"><span style=\"color: #000000;\">Il y a le chef de la BSAP, monsieur Jeantel Joseph responsable des exactions de cette inconnue troupe arm\u00e9e, Il y a monsieur L\u00e9on Charles qui semble avoir pris, en toute conscience la responsabilit\u00e9 d&rsquo;un potentiel massacre sur la population, Il y a le jeune Dimitri H\u00e9rard qui a la responsabilit\u00e9 d&rsquo;instruire ses hommes pour la protection du pr\u00e9sident de la R\u00e9publique, de sa famille et des locaux de la pr\u00e9sidence et non de retourner leurs armes contre la population, Il y a le silencieux lieutenant g\u00e9n\u00e9ral Jodel Lessage qui croit, je le sais, \u00e0 la th\u00e9orie de l&rsquo;arm\u00e9e qui ne fait pas de politique.<\/span><\/p>\n<p style=\"text-align: left;\"><span style=\"color: #000000;\">Ces trois officiers sont aussi instruits de la th\u00e9orie des ordres ill\u00e9gaux et ont pr\u00eat\u00e9 serment de ne pas retourner contre les citoyens les armes de la R\u00e9publique.<\/span><\/p>\n<p style=\"text-align: left;\"><span style=\"color: #000000;\">Convaincus pour certains, se trouvant au mauvais endroit au mauvais moment pour d&rsquo;autres, nul ne pourra, cependant, pr\u00e9texter ignorance !<\/span><\/p>\n<p style=\"text-align: center;\"><img loading=\"lazy\" class=\"size-medium wp-image-1824 aligncenter\" src=\"http:\/\/lematin.ca\/wp-content\/uploads\/2021\/02\/rebuhimmler2-300x194.jpg\" alt=\"\" width=\"300\" height=\"194\" srcset=\"http:\/\/lematin.ca\/wp-content\/uploads\/2021\/02\/rebuhimmler2-300x194.jpg 300w, http:\/\/lematin.ca\/wp-content\/uploads\/2021\/02\/rebuhimmler2-768x497.jpg 768w, http:\/\/lematin.ca\/wp-content\/uploads\/2021\/02\/rebuhimmler2.jpg 900w\" sizes=\"(max-width: 300px) 100vw, 300px\" \/><\/p>\n<p style=\"text-align: left;\"><span style=\"color: #000000;\">Devant ce qui risque de chaos, j&rsquo;en appelle \u00e0 :<\/span><\/p>\n<ul style=\"text-align: left;\">\n<li><span style=\"color: #000000;\">La conf\u00e9rence \u00e9piscopale,<\/span><\/li>\n<li><span style=\"color: #000000;\">La conf\u00e9rence des \u00e9glises protestantes<\/span><\/li>\n<li><span style=\"color: #000000;\">Les silencieux vaudouisants<\/span><\/li>\n<li><span style=\"color: #000000;\">Les acteurs :<\/span><\/li>\n<li><span style=\"color: #000000;\">Du collectif du 4 d\u00e9cembre<\/span><\/li>\n<li><span style=\"color: #000000;\">De la CASC,<\/span><\/li>\n<li><span style=\"color: #000000;\">Le S\u00e9nat de la R\u00e9publique<\/span><\/li>\n<li><span style=\"color: #000000;\">Le pouvoir judiciaire,<\/span><\/li>\n<\/ul>\n<p style=\"text-align: left;\"><span style=\"color: #000000;\">et leur demande de se saisir d&rsquo;office et d&rsquo;autorit\u00e9 du dossier du dialogue de la derni\u00e8re heure.<\/span><\/p>\n<p style=\"text-align: left;\"><span style=\"color: #000000;\"><em>Fait \u00e0 Port-au-Prince \u00e0 l&rsquo;Aube du jeudi 4 f\u00e9vrier 2021.<\/em><\/span><\/p>\n<ul>\n<li><span style=\"color: #000000;\"><strong>Himmler R\u00e9bu<\/strong><\/span>\n<ul>\n<li style=\"text-align: left;\"><span style=\"color: #000000;\">Citoyen.<\/span><\/li>\n<\/ul>\n<\/li>\n<\/ul>\n","protected":false},"excerpt":{"rendered":"<p>LETTRE OUVERTE AU PR\u00c9SIDENT DE LA R\u00c9PUBLIQUE\u00a0par Himmler R\u00e9bu \u00c0 CERTAINS CITOYENS AUX FORCES : MORALES SOCIALES ET DES POUVOIRS D&rsquo;\u00c9TAT Monsieur le Pr\u00e9sident, Je m&rsquo;adresse \u00e0 vous aujourd&rsquo;hui en tant qu&rsquo;\u00eatre humain et en tant qu&rsquo;officier sup\u00e9rieur de l&rsquo;arm\u00e9e pr\u00e9par\u00e9 et entra\u00een\u00e9 \u00e0 l&rsquo;\u00e9valuation de situations.\u00a0De gr\u00e2ce, revenez sur terre et faites, pour une fois, votre devoir de Pr\u00e9sident : prot\u00e9ger vos citoyens !\u00a0Vous avez err\u00e9 monsieur le Pr\u00e9sident et, toutes les voix, \u00e0 part celles qui croient avoir int\u00e9r\u00eat dans le chaos qui s&rsquo;annonce, vous l&rsquo;ont mille fois&#8230; <\/p>\n","protected":false},"author":1,"featured_media":1823,"comment_status":"closed","ping_status":"closed","sticky":false,"template":"","format":"standard","meta":[],"categories":[7,13,49,37],"tags":[2899,2900,345,359,418,2901,2898],"_links":{"self":[{"href":"http:\/\/lematin.ca\/index.php?rest_route=\/wp\/v2\/posts\/1822"}],"collection":[{"href":"http:\/\/lematin.ca\/index.php?rest_route=\/wp\/v2\/posts"}],"about":[{"href":"http:\/\/lematin.ca\/index.php?rest_route=\/wp\/v2\/types\/post"}],"author":[{"embeddable":true,"href":"http:\/\/lematin.ca\/index.php?rest_route=\/wp\/v2\/users\/1"}],"replies":[{"embeddable":true,"href":"http:\/\/lematin.ca\/index.php?rest_route=%2Fwp%2Fv2%2Fcomments&post=1822"}],"version-history":[{"count":3,"href":"http:\/\/lematin.ca\/index.php?rest_route=\/wp\/v2\/posts\/1822\/revisions"}],"predecessor-version":[{"id":1827,"href":"http:\/\/lematin.ca\/index.php?rest_route=\/wp\/v2\/posts\/1822\/revisions\/1827"}],"wp:featuredmedia":[{"embeddable":true,"href":"http:\/\/lematin.ca\/index.php?rest_route=\/wp\/v2\/media\/1823"}],"wp:attachment":[{"href":"http:\/\/lematin.ca\/index.php?rest_route=%2Fwp%2Fv2%2Fmedia&parent=1822"}],"wp:term":[{"taxonomy":"category","embeddable":true,"href":"http:\/\/lematin.ca\/index.php?rest_route=%2Fwp%2Fv2%2Fcategories&post=1822"},{"taxonomy":"post_tag","embeddable":true,"href":"http:\/\/lematin.ca\/index.php?rest_route=%2Fwp%2Fv2%2Ftags&post=1822"}],"curies":[{"name":"wp","href":"https:\/\/api.w.org\/{rel}","templated":true}]}}