{"id":2068,"date":"2022-01-30T23:55:00","date_gmt":"2022-01-31T04:55:00","guid":{"rendered":"http:\/\/lematin.ca\/?p=2068"},"modified":"2022-01-30T23:55:00","modified_gmt":"2022-01-31T04:55:00","slug":"unir-la-gauche-morcelee-la-perilleuse-mission-de-madame-taubira-par-jw-marius","status":"publish","type":"post","link":"http:\/\/lematin.ca\/?p=2068","title":{"rendered":"Unir la gauche morcel\u00e9e, la p\u00e9rilleuse mission de madame Taubira par JW Marius"},"content":{"rendered":"<p style=\"text-align: left;\"><span style=\"color: #000000;\"><strong>Ha\u00efti renaitra !<\/strong><\/span><\/p>\n<p style=\"text-align: left;\"><span style=\"color: #000000;\"><strong><em>Unir la gauche morcel\u00e9e, la p\u00e9rilleuse mission de madame Taubira.<\/em><\/strong><\/span><\/p>\n<p style=\"text-align: left;\"><span style=\"color: #000000;\">Les figures tut\u00e9laires de la gauche fran\u00e7aise seraient fi\u00e8res de transmettre le flambeau de l\u2019espoir de masse \u00e0 Madame Taubira, femme et noire (sur l&rsquo;axe des pr\u00e9jug\u00e9s), qui a os\u00e9 se pr\u00e9senter aux pr\u00e9sidentielles Fran\u00e7aises et gagner haut la main les primaires de la gauche loin devant l\u2019\u00e9cologiste Yannick Jadot, et le tr\u00e8s \u00e9loquent leader de la France insoumise, le philosophe Jean-Luc M\u00e9lenchon.<\/span><\/p>\n<p style=\"text-align: left;\"><span style=\"color: #000000;\">Aim\u00e9 C\u00e9saire, Jean Jaur\u00e8s ou Fran\u00e7ois Mitterrand, tous ont travaill\u00e9 d\u2019arrache-pied pour soustraire la France \u00e0 l\u2019influence de cette <em>Droite<\/em> anti-peuple qui affiche aujourd\u2019hui un visage inqui\u00e9tant aux \u00c9tats-Unis. En effet, comme son homologue candidat de la droite fran\u00e7aise, si la justice am\u00e9ricaine n\u2019arr\u00eate pas cette mont\u00e9e tentaculaire de l\u2019homme du Capitole, le monde conna\u00eetra bien pire qu\u2019Omicron. M. Le Drian semble ne pas comprendre que les Maliens d\u00e9cident finalement de se prendre en mains ?<\/span><\/p>\n<p style=\"text-align: left;\"><span style=\"color: #000000;\">L\u2019ancienne garde des Sceaux de la 5<sup>e<\/sup> R\u00e9publique a donc invit\u00e9 les leaders de gauche \u00e0 s\u2019aligner derri\u00e8re des id\u00e9aux communs en vue de contrer les vell\u00e9it\u00e9s <em>supr\u00e9macistes<\/em> du camp d\u2019en face.<\/span><\/p>\n<p style=\"text-align: left;\"><span style=\"color: #000000;\">Je connais vos r\u00e9ticences, mais je connais surtout votre intelligence et votre sens de l\u2019int\u00e9r\u00eat g\u00e9n\u00e9ral pour nos enfants, a-t-elle martel\u00e9 pour rassembler et gagner la pr\u00e9sidentielle Fran\u00e7aise en avril 2022.<\/span><\/p>\n<p style=\"text-align: left;\"><span style=\"color: #000000;\">La Guyanaise (France outremer) d\u2019origine se dit reconnaissante de la confiance accord\u00e9e et consciente du poids\u00a0 de sa responsabilit\u00e9.<\/span><\/p>\n<p style=\"text-align: left;\"><span style=\"color: #000000;\">Le monde a besoin de gens difficiles \u00e0 gouverner, elle promet donc de se tenir dans cette ligne pour que jaillisse dans le c\u0153ur de cette massa taillable et corv\u00e9able \u00e0 merci une lueur nouvelle de ce bonheur qui leur tient toujours la drag\u00e9e haute.<\/span><\/p>\n<p style=\"text-align: left;\"><span style=\"color: #000000;\">De nouvelles raisons d\u2019esp\u00e9rer, tous les leaders de la gauche l\u2019ont promis, mais se mettre ensemble pour faire obstacle aux leaders affichant des id\u00e9es bellig\u00e9rantes est une tout autre paire de manches.<\/span><\/p>\n<p style=\"text-align: left;\"><span style=\"color: #000000;\">Christiane Taubira r\u00e9ussira-t-elle \u00e0 mener et gagner ce combat titanesque ?<\/span><\/p>\n<p style=\"text-align: left;\"><span style=\"color: #000000;\">Des doutes l\u00e9gitimes s\u2019installent.<\/span><\/p>\n<p style=\"text-align: center;\"><strong>ISSN 2564-176X Le matin canadien (en ligne)\u00a0 \u2013\u00a0 ISSN 2564-1778 Le matin canadien (imprim\u00e9)<\/strong><\/p>\n","protected":false},"excerpt":{"rendered":"<p>Ha\u00efti renaitra ! Unir la gauche morcel\u00e9e, la p\u00e9rilleuse mission de madame Taubira. Les figures tut\u00e9laires de la gauche fran\u00e7aise seraient fi\u00e8res de transmettre le flambeau de l\u2019espoir de masse \u00e0 Madame Taubira, femme et noire (sur l&rsquo;axe des pr\u00e9jug\u00e9s), qui a os\u00e9 se pr\u00e9senter aux pr\u00e9sidentielles Fran\u00e7aises et gagner haut la main les primaires de la gauche loin devant l\u2019\u00e9cologiste Yannick Jadot, et le tr\u00e8s \u00e9loquent leader de la France insoumise, le philosophe Jean-Luc M\u00e9lenchon. Aim\u00e9 C\u00e9saire, Jean Jaur\u00e8s ou Fran\u00e7ois Mitterrand, tous ont travaill\u00e9 d\u2019arrache-pied pour soustraire la&#8230; <\/p>\n","protected":false},"author":1,"featured_media":2069,"comment_status":"closed","ping_status":"closed","sticky":false,"template":"","format":"standard","meta":[],"categories":[2174,29],"tags":[2910,304,3017,3016,780],"_links":{"self":[{"href":"http:\/\/lematin.ca\/index.php?rest_route=\/wp\/v2\/posts\/2068"}],"collection":[{"href":"http:\/\/lematin.ca\/index.php?rest_route=\/wp\/v2\/posts"}],"about":[{"href":"http:\/\/lematin.ca\/index.php?rest_route=\/wp\/v2\/types\/post"}],"author":[{"embeddable":true,"href":"http:\/\/lematin.ca\/index.php?rest_route=\/wp\/v2\/users\/1"}],"replies":[{"embeddable":true,"href":"http:\/\/lematin.ca\/index.php?rest_route=%2Fwp%2Fv2%2Fcomments&post=2068"}],"version-history":[{"count":3,"href":"http:\/\/lematin.ca\/index.php?rest_route=\/wp\/v2\/posts\/2068\/revisions"}],"predecessor-version":[{"id":2072,"href":"http:\/\/lematin.ca\/index.php?rest_route=\/wp\/v2\/posts\/2068\/revisions\/2072"}],"wp:featuredmedia":[{"embeddable":true,"href":"http:\/\/lematin.ca\/index.php?rest_route=\/wp\/v2\/media\/2069"}],"wp:attachment":[{"href":"http:\/\/lematin.ca\/index.php?rest_route=%2Fwp%2Fv2%2Fmedia&parent=2068"}],"wp:term":[{"taxonomy":"category","embeddable":true,"href":"http:\/\/lematin.ca\/index.php?rest_route=%2Fwp%2Fv2%2Fcategories&post=2068"},{"taxonomy":"post_tag","embeddable":true,"href":"http:\/\/lematin.ca\/index.php?rest_route=%2Fwp%2Fv2%2Ftags&post=2068"}],"curies":[{"name":"wp","href":"https:\/\/api.w.org\/{rel}","templated":true}]}}